{"id":53202,"date":"2018-03-29T15:21:52","date_gmt":"2018-03-29T14:21:52","guid":{"rendered":"http:\/\/fifp.fr\/?p=53202"},"modified":"2018-03-29T15:24:40","modified_gmt":"2018-03-29T14:24:40","slug":"festival-panafricain-de-cannes-2018-claudia-haidara-yoka-presidera-la-15e-edition","status":"publish","type":"post","link":"https:\/\/fifp.fr\/en\/festival-panafricain-de-cannes-2018-claudia-haidara-yoka-presidera-la-15e-edition\/","title":{"rendered":"Festival PanAfricain de Cannes 2018 : Claudia Ha\u00efdara Yoka pr\u00e9sidera la 15e \u00e9dition"},"content":{"rendered":"<p><strong><a href=\"http:\/\/fifp.fr\/wp-content\/uploads\/2018\/03\/Claudia-Haidara-Yoka.jpg\"><img decoding=\"async\" class=\"wp-image-53203 alignleft\" src=\"http:\/\/fifp.fr\/wp-content\/uploads\/2018\/03\/Claudia-Haidara-Yoka.jpg\" alt=\"\" width=\"193\" height=\"253\" srcset=\"https:\/\/fifp.fr\/wp-content\/uploads\/2018\/03\/Claudia-Haidara-Yoka.jpg 457w, https:\/\/fifp.fr\/wp-content\/uploads\/2018\/03\/Claudia-Haidara-Yoka-320x420.jpg 320w\" sizes=\"(max-width: 193px) 100vw, 193px\" \/><\/a>Sept ans apr\u00e8s l\u2019actrice franco-congolaise, Laurentine Milebo, qui avait \u00e9t\u00e9 membre du jury, c\u2019est une Congolaise qui assurera, cette fois-ci, la pr\u00e9sidence de l&rsquo;\u00e9v\u00e9nement.<\/strong><ins datetime=\"2018-03-29T13:29:34+00:00\"><\/ins><\/p>\n<div class=\"field field-name-field-texte field-type-text-long field-label-hidden view-mode-full\">\n<div class=\"field-items\">\n<div class=\"field-item even\">\n<p>Claudia Ha\u00efdara Yoka, r\u00e9alisatrice et productrice, succ\u00e9dera au cin\u00e9aste, metteur en sc\u00e8ne et acteur ivorien, Sidiki Bakaba. Connue pour son festival Tazama et apr\u00e8s avoir expos\u00e9 sur \u00ab\u00a0L&#8217;empouvoirement\u00a0\u00bb des femmes par la culture, lors de la derni\u00e8re r\u00e9union des ministres de la culture des pays ACP, \u00e0 Bruxelles, en novembre 2017, la pr\u00e9sidente aura, par sa voix, l\u2019opportunit\u00e9 de t\u00e9moigner de la dynamique des femmes africaines dans le cin\u00e9ma et donnera une conf\u00e9rence\u00a0ainsi qu&rsquo;une Master class. Elle ajoutera sa touche \u00e0 cet \u00e9v\u00e9nement multiculturel, initi\u00e9 par Basile Ngangue Ebelle, en 2004.<\/p>\n<p>De ce festival, admettons qu\u2019il prend, \u00e9dition apr\u00e8s \u00e9dition, sa vitesse de croisi\u00e8re. Les rencontres entre cultures constituent d\u00e9sormais une plate-forme d\u2019exposition du cin\u00e9ma et de ses m\u00e9tiers, des arts et des savoir-faire, mais \u00e9galement de l\u2019innovation, de la culture et de l\u2019\u00e9v\u00e9nementiel.<\/p>\n<p>Durant cinq jours (du 18 au 22 avril), selon les organisateurs, le Festival international du film panafricain (FIFP) offrira, en plus de ses activit\u00e9s traditionnelles de projection, un salon panafricain. Les organisateurs, en effet, qualifient ce rendez-vous de grand march\u00e9\u0301 du cin\u00e9ma, des arts, de la beaut\u00e9\u0301, du bien-\u00eatre, de la mode, de la coiffure, de la musique, de l\u2019innovation.<\/p>\n<p>Cet espace professionnel et convivial sera ouvert au public. Et ce p\u00f4le de dynamique \u00e9conomique, sensible a\u0300 l\u2019esprit d\u2019entreprendre, int\u00e8gre la qu\u00eate de la connaissance et de la d\u00e9couverte, assurent-ils.<\/p>\n<p>Pour les r\u00e9compenses, le FIFP revendique, depuis la cr\u00e9ation des Dikalos en 2006, la qualit\u00e9 des films prim\u00e9s. Cela est d\u00fb, expliquent les organisateurs, \u00e0 l\u2019excellent travail des diff\u00e9rents professionnels composant son jury.<\/p>\n<p>En r\u00e9f\u00e9rence, ils citent tous les films r\u00e9compens\u00e9s par le FIFP, qui ont connu un excellent d\u00e9veloppement a\u0300 l\u2019international. Figurent, parmi ceux-ci, celui de Rigoberto Lopez, premier laur\u00e9at du Dikalo en 2006, grand re\u0301alisateur cubain, qui marque son \u00e9poque par la beaut\u00e9\u0301 de son \u0153uvre \u00ab\u00a0Roble de Olor &#8211; Parfum de Che\u0302ne\u00a0\u00bb, ou le \u00ab\u00a0Gang des Antillais\u00a0\u00bb, de Jean- Claude Barny, qui a rec\u0327u le Dikalo du meilleur long m\u00e9trage en 2017.<\/p>\n<hr \/>\n<\/div>\n<\/div>\n<\/div>\n<div class=\"field field-name-field-nom-du-journaliste field-type-text field-label-hidden view-mode-full\">\n<div class=\"field-items\">\n<div class=\"field-item even\"><a href=\"http:\/\/www.adiac-congo.com\/node\/81292\"><em>Marie Alfred Ngoma<\/em><\/a><\/div>\n<div><\/div>\n<\/div>\n<\/div>\n<section class=\"field field-name-field-legendes-photos field-type-text-long field-label-above view-mode-full\"><em><strong>Source: <\/strong><a href=\"http:\/\/www.adiac-congo.com\/node\/81292\">diac-congo.com<\/a><strong><br \/>\n<\/strong><\/em><\/p>\n<p class=\"field-label\"><em><strong>L\u00e9gendes et cr\u00e9dits photo<br \/>\n<\/strong><\/em><\/p>\n<div class=\"field-items\">\n<div class=\"field-item even\"><em><strong>Photo :<\/strong> Claudia Ha\u00efdara Yoka, r\u00e9alisatrice et productrice<\/em><\/div>\n<\/div>\n<\/section>","protected":false},"excerpt":{"rendered":"<p>Sept ans apr\u00e8s l\u2019actrice franco-congolaise, Laurentine Milebo, qui avait \u00e9t\u00e9 membre du jury, c\u2019est une Congolaise qui assurera, cette fois-ci, [&hellip;]<\/p>\n","protected":false},"author":2,"featured_media":53203,"comment_status":"open","ping_status":"open","sticky":false,"template":"","format":"standard","meta":{"footnotes":""},"categories":[99,105],"tags":[],"class_list":["post-53202","post","type-post","status-publish","format-standard","has-post-thumbnail","hentry","category-news","category-blog"],"yoast_head":"<!-- This site is optimized with the Yoast SEO plugin v27.3 - https:\/\/yoast.com\/product\/yoast-seo-wordpress\/ -->\n<title>Festival PanAfricain de Cannes 2018 : Claudia Ha\u00efdara Yoka pr\u00e9sidera la 15e \u00e9dition - Festival International Du Film Pan Africain | Cannes<\/title>\n<meta name=\"robots\" content=\"index, follow, max-snippet:-1, max-image-preview:large, max-video-preview:-1\" \/>\n<link rel=\"canonical\" href=\"https:\/\/fifp.fr\/en\/festival-panafricain-de-cannes-2018-claudia-haidara-yoka-presidera-la-15e-edition\/\" \/>\n<meta property=\"og:locale\" content=\"en_US\" \/>\n<meta property=\"og:type\" content=\"article\" \/>\n<meta property=\"og:title\" content=\"Festival PanAfricain de Cannes 2018 : Claudia Ha\u00efdara Yoka pr\u00e9sidera la 15e \u00e9dition - Festival International Du Film Pan Africain | Cannes\" \/>\n<meta property=\"og:description\" content=\"Sept ans apr\u00e8s l\u2019actrice franco-congolaise, Laurentine Milebo, qui avait \u00e9t\u00e9 membre du jury, c\u2019est une Congolaise qui assurera, cette fois-ci, [&hellip;]\" \/>\n<meta property=\"og:url\" content=\"https:\/\/fifp.fr\/en\/festival-panafricain-de-cannes-2018-claudia-haidara-yoka-presidera-la-15e-edition\/\" \/>\n<meta property=\"og:site_name\" content=\"Festival International Du Film Pan Africain | Cannes\" \/>\n<meta property=\"article:published_time\" content=\"2018-03-29T14:21:52+00:00\" \/>\n<meta property=\"article:modified_time\" content=\"2018-03-29T14:24:40+00:00\" \/>\n<meta property=\"og:image\" content=\"https:\/\/i0.wp.com\/fifp.fr\/wp-content\/uploads\/2018\/03\/Claudia-Haidara-Yoka.jpg?fit=457%2C600&ssl=1\" \/>\n\t<meta property=\"og:image:width\" content=\"457\" \/>\n\t<meta property=\"og:image:height\" content=\"600\" \/>\n\t<meta property=\"og:image:type\" content=\"image\/jpeg\" \/>\n<meta name=\"author\" content=\"Staff\" \/>\n<meta name=\"twitter:card\" content=\"summary_large_image\" \/>\n<meta name=\"twitter:label1\" content=\"Written by\" \/>\n\t<meta name=\"twitter:data1\" content=\"Staff\" \/>\n\t<meta name=\"twitter:label2\" content=\"Est. reading time\" \/>\n\t<meta name=\"twitter:data2\" content=\"2 minutes\" \/>\n<script type=\"application\/ld+json\" class=\"yoast-schema-graph\">{\"@context\":\"https:\\\/\\\/schema.org\",\"@graph\":[{\"@type\":\"Article\",\"@id\":\"https:\\\/\\\/fifp.fr\\\/festival-panafricain-de-cannes-2018-claudia-haidara-yoka-presidera-la-15e-edition\\\/#article\",\"isPartOf\":{\"@id\":\"https:\\\/\\\/fifp.fr\\\/festival-panafricain-de-cannes-2018-claudia-haidara-yoka-presidera-la-15e-edition\\\/\"},\"author\":{\"name\":\"Staff\",\"@id\":\"https:\\\/\\\/fifp.fr\\\/#\\\/schema\\\/person\\\/e0af823b72a1a04cbceecf607391cc08\"},\"headline\":\"Festival PanAfricain de Cannes 2018 : Claudia Ha\u00efdara Yoka pr\u00e9sidera la 15e \u00e9dition\",\"datePublished\":\"2018-03-29T14:21:52+00:00\",\"dateModified\":\"2018-03-29T14:24:40+00:00\",\"mainEntityOfPage\":{\"@id\":\"https:\\\/\\\/fifp.fr\\\/festival-panafricain-de-cannes-2018-claudia-haidara-yoka-presidera-la-15e-edition\\\/\"},\"wordCount\":434,\"commentCount\":0,\"image\":{\"@id\":\"https:\\\/\\\/fifp.fr\\\/festival-panafricain-de-cannes-2018-claudia-haidara-yoka-presidera-la-15e-edition\\\/#primaryimage\"},\"thumbnailUrl\":\"https:\\\/\\\/fifp.fr\\\/wp-content\\\/uploads\\\/2018\\\/03\\\/Claudia-Haidara-Yoka.jpg\",\"articleSection\":[\"News\",\"Blog\"],\"inLanguage\":\"en-US\",\"potentialAction\":[{\"@type\":\"CommentAction\",\"name\":\"Comment\",\"target\":[\"https:\\\/\\\/fifp.fr\\\/festival-panafricain-de-cannes-2018-claudia-haidara-yoka-presidera-la-15e-edition\\\/#respond\"]}]},{\"@type\":\"WebPage\",\"@id\":\"https:\\\/\\\/fifp.fr\\\/festival-panafricain-de-cannes-2018-claudia-haidara-yoka-presidera-la-15e-edition\\\/\",\"url\":\"https:\\\/\\\/fifp.fr\\\/festival-panafricain-de-cannes-2018-claudia-haidara-yoka-presidera-la-15e-edition\\\/\",\"name\":\"Festival PanAfricain de Cannes 2018 : Claudia Ha\u00efdara Yoka pr\u00e9sidera la 15e \u00e9dition - Festival International Du Film Pan Africain | Cannes\",\"isPartOf\":{\"@id\":\"https:\\\/\\\/fifp.fr\\\/#website\"},\"primaryImageOfPage\":{\"@id\":\"https:\\\/\\\/fifp.fr\\\/festival-panafricain-de-cannes-2018-claudia-haidara-yoka-presidera-la-15e-edition\\\/#primaryimage\"},\"image\":{\"@id\":\"https:\\\/\\\/fifp.fr\\\/festival-panafricain-de-cannes-2018-claudia-haidara-yoka-presidera-la-15e-edition\\\/#primaryimage\"},\"thumbnailUrl\":\"https:\\\/\\\/fifp.fr\\\/wp-content\\\/uploads\\\/2018\\\/03\\\/Claudia-Haidara-Yoka.jpg\",\"datePublished\":\"2018-03-29T14:21:52+00:00\",\"dateModified\":\"2018-03-29T14:24:40+00:00\",\"author\":{\"@id\":\"https:\\\/\\\/fifp.fr\\\/#\\\/schema\\\/person\\\/e0af823b72a1a04cbceecf607391cc08\"},\"breadcrumb\":{\"@id\":\"https:\\\/\\\/fifp.fr\\\/festival-panafricain-de-cannes-2018-claudia-haidara-yoka-presidera-la-15e-edition\\\/#breadcrumb\"},\"inLanguage\":\"en-US\",\"potentialAction\":[{\"@type\":\"ReadAction\",\"target\":[\"https:\\\/\\\/fifp.fr\\\/festival-panafricain-de-cannes-2018-claudia-haidara-yoka-presidera-la-15e-edition\\\/\"]}]},{\"@type\":\"ImageObject\",\"inLanguage\":\"en-US\",\"@id\":\"https:\\\/\\\/fifp.fr\\\/festival-panafricain-de-cannes-2018-claudia-haidara-yoka-presidera-la-15e-edition\\\/#primaryimage\",\"url\":\"https:\\\/\\\/fifp.fr\\\/wp-content\\\/uploads\\\/2018\\\/03\\\/Claudia-Haidara-Yoka.jpg\",\"contentUrl\":\"https:\\\/\\\/fifp.fr\\\/wp-content\\\/uploads\\\/2018\\\/03\\\/Claudia-Haidara-Yoka.jpg\",\"width\":\"457\",\"height\":\"600\"},{\"@type\":\"BreadcrumbList\",\"@id\":\"https:\\\/\\\/fifp.fr\\\/festival-panafricain-de-cannes-2018-claudia-haidara-yoka-presidera-la-15e-edition\\\/#breadcrumb\",\"itemListElement\":[{\"@type\":\"ListItem\",\"position\":1,\"name\":\"Festival Film Pan Africain De Cannes\",\"item\":\"https:\\\/\\\/fifp.fr\\\/\"},{\"@type\":\"ListItem\",\"position\":2,\"name\":\"Festival PanAfricain de Cannes 2018 : Claudia Ha\u00efdara Yoka pr\u00e9sidera la 15e \u00e9dition\"}]},{\"@type\":\"WebSite\",\"@id\":\"https:\\\/\\\/fifp.fr\\\/#website\",\"url\":\"https:\\\/\\\/fifp.fr\\\/\",\"name\":\"Festival International Du Film Pan Africain | Cannes\",\"description\":\"Au Coeur Du CInema &amp; Des Arts Pan Africain\",\"potentialAction\":[{\"@type\":\"SearchAction\",\"target\":{\"@type\":\"EntryPoint\",\"urlTemplate\":\"https:\\\/\\\/fifp.fr\\\/?s={search_term_string}\"},\"query-input\":{\"@type\":\"PropertyValueSpecification\",\"valueRequired\":true,\"valueName\":\"search_term_string\"}}],\"inLanguage\":\"en-US\"},{\"@type\":\"Person\",\"@id\":\"https:\\\/\\\/fifp.fr\\\/#\\\/schema\\\/person\\\/e0af823b72a1a04cbceecf607391cc08\",\"name\":\"Staff\",\"image\":{\"@type\":\"ImageObject\",\"inLanguage\":\"en-US\",\"@id\":\"https:\\\/\\\/secure.gravatar.com\\\/avatar\\\/ca3938b709049827aa5b3f38598c0db9a44e44db45c84a22321e159440c59bf6?s=96&d=mm&r=g\",\"url\":\"https:\\\/\\\/secure.gravatar.com\\\/avatar\\\/ca3938b709049827aa5b3f38598c0db9a44e44db45c84a22321e159440c59bf6?s=96&d=mm&r=g\",\"contentUrl\":\"https:\\\/\\\/secure.gravatar.com\\\/avatar\\\/ca3938b709049827aa5b3f38598c0db9a44e44db45c84a22321e159440c59bf6?s=96&d=mm&r=g\",\"caption\":\"Staff\"},\"url\":\"https:\\\/\\\/fifp.fr\\\/en\\\/author\\\/yohan\\\/\"}]}<\/script>\n<!-- \/ Yoast SEO plugin. -->","yoast_head_json":{"title":"Festival PanAfricain de Cannes 2018 : Claudia Ha\u00efdara Yoka pr\u00e9sidera la 15e \u00e9dition - Festival International Du Film Pan Africain | Cannes","robots":{"index":"index","follow":"follow","max-snippet":"max-snippet:-1","max-image-preview":"max-image-preview:large","max-video-preview":"max-video-preview:-1"},"canonical":"https:\/\/fifp.fr\/en\/festival-panafricain-de-cannes-2018-claudia-haidara-yoka-presidera-la-15e-edition\/","og_locale":"en_US","og_type":"article","og_title":"Festival PanAfricain de Cannes 2018 : Claudia Ha\u00efdara Yoka pr\u00e9sidera la 15e \u00e9dition - Festival International Du Film Pan Africain | Cannes","og_description":"Sept ans apr\u00e8s l\u2019actrice franco-congolaise, Laurentine Milebo, qui avait \u00e9t\u00e9 membre du jury, c\u2019est une Congolaise qui assurera, cette fois-ci, [&hellip;]","og_url":"https:\/\/fifp.fr\/en\/festival-panafricain-de-cannes-2018-claudia-haidara-yoka-presidera-la-15e-edition\/","og_site_name":"Festival International Du Film Pan Africain | Cannes","article_published_time":"2018-03-29T14:21:52+00:00","article_modified_time":"2018-03-29T14:24:40+00:00","og_image":[{"width":457,"height":600,"url":"https:\/\/i0.wp.com\/fifp.fr\/wp-content\/uploads\/2018\/03\/Claudia-Haidara-Yoka.jpg?fit=457%2C600&ssl=1","type":"image\/jpeg"}],"author":"Staff","twitter_card":"summary_large_image","twitter_misc":{"Written by":"Staff","Est. reading time":"2 minutes"},"schema":{"@context":"https:\/\/schema.org","@graph":[{"@type":"Article","@id":"https:\/\/fifp.fr\/festival-panafricain-de-cannes-2018-claudia-haidara-yoka-presidera-la-15e-edition\/#article","isPartOf":{"@id":"https:\/\/fifp.fr\/festival-panafricain-de-cannes-2018-claudia-haidara-yoka-presidera-la-15e-edition\/"},"author":{"name":"Staff","@id":"https:\/\/fifp.fr\/#\/schema\/person\/e0af823b72a1a04cbceecf607391cc08"},"headline":"Festival PanAfricain de Cannes 2018 : Claudia Ha\u00efdara Yoka pr\u00e9sidera la 15e \u00e9dition","datePublished":"2018-03-29T14:21:52+00:00","dateModified":"2018-03-29T14:24:40+00:00","mainEntityOfPage":{"@id":"https:\/\/fifp.fr\/festival-panafricain-de-cannes-2018-claudia-haidara-yoka-presidera-la-15e-edition\/"},"wordCount":434,"commentCount":0,"image":{"@id":"https:\/\/fifp.fr\/festival-panafricain-de-cannes-2018-claudia-haidara-yoka-presidera-la-15e-edition\/#primaryimage"},"thumbnailUrl":"https:\/\/fifp.fr\/wp-content\/uploads\/2018\/03\/Claudia-Haidara-Yoka.jpg","articleSection":["News","Blog"],"inLanguage":"en-US","potentialAction":[{"@type":"CommentAction","name":"Comment","target":["https:\/\/fifp.fr\/festival-panafricain-de-cannes-2018-claudia-haidara-yoka-presidera-la-15e-edition\/#respond"]}]},{"@type":"WebPage","@id":"https:\/\/fifp.fr\/festival-panafricain-de-cannes-2018-claudia-haidara-yoka-presidera-la-15e-edition\/","url":"https:\/\/fifp.fr\/festival-panafricain-de-cannes-2018-claudia-haidara-yoka-presidera-la-15e-edition\/","name":"Festival PanAfricain de Cannes 2018 : Claudia Ha\u00efdara Yoka pr\u00e9sidera la 15e \u00e9dition - Festival International Du Film Pan Africain | Cannes","isPartOf":{"@id":"https:\/\/fifp.fr\/#website"},"primaryImageOfPage":{"@id":"https:\/\/fifp.fr\/festival-panafricain-de-cannes-2018-claudia-haidara-yoka-presidera-la-15e-edition\/#primaryimage"},"image":{"@id":"https:\/\/fifp.fr\/festival-panafricain-de-cannes-2018-claudia-haidara-yoka-presidera-la-15e-edition\/#primaryimage"},"thumbnailUrl":"https:\/\/fifp.fr\/wp-content\/uploads\/2018\/03\/Claudia-Haidara-Yoka.jpg","datePublished":"2018-03-29T14:21:52+00:00","dateModified":"2018-03-29T14:24:40+00:00","author":{"@id":"https:\/\/fifp.fr\/#\/schema\/person\/e0af823b72a1a04cbceecf607391cc08"},"breadcrumb":{"@id":"https:\/\/fifp.fr\/festival-panafricain-de-cannes-2018-claudia-haidara-yoka-presidera-la-15e-edition\/#breadcrumb"},"inLanguage":"en-US","potentialAction":[{"@type":"ReadAction","target":["https:\/\/fifp.fr\/festival-panafricain-de-cannes-2018-claudia-haidara-yoka-presidera-la-15e-edition\/"]}]},{"@type":"ImageObject","inLanguage":"en-US","@id":"https:\/\/fifp.fr\/festival-panafricain-de-cannes-2018-claudia-haidara-yoka-presidera-la-15e-edition\/#primaryimage","url":"https:\/\/fifp.fr\/wp-content\/uploads\/2018\/03\/Claudia-Haidara-Yoka.jpg","contentUrl":"https:\/\/fifp.fr\/wp-content\/uploads\/2018\/03\/Claudia-Haidara-Yoka.jpg","width":"457","height":"600"},{"@type":"BreadcrumbList","@id":"https:\/\/fifp.fr\/festival-panafricain-de-cannes-2018-claudia-haidara-yoka-presidera-la-15e-edition\/#breadcrumb","itemListElement":[{"@type":"ListItem","position":1,"name":"Festival Film Pan Africain De Cannes","item":"https:\/\/fifp.fr\/"},{"@type":"ListItem","position":2,"name":"Festival PanAfricain de Cannes 2018 : Claudia Ha\u00efdara Yoka pr\u00e9sidera la 15e \u00e9dition"}]},{"@type":"WebSite","@id":"https:\/\/fifp.fr\/#website","url":"https:\/\/fifp.fr\/","name":"Festival International Du Film Pan Africain | Cannes","description":"Au Coeur Du CInema &amp; Des Arts Pan Africain","potentialAction":[{"@type":"SearchAction","target":{"@type":"EntryPoint","urlTemplate":"https:\/\/fifp.fr\/?s={search_term_string}"},"query-input":{"@type":"PropertyValueSpecification","valueRequired":true,"valueName":"search_term_string"}}],"inLanguage":"en-US"},{"@type":"Person","@id":"https:\/\/fifp.fr\/#\/schema\/person\/e0af823b72a1a04cbceecf607391cc08","name":"Staff","image":{"@type":"ImageObject","inLanguage":"en-US","@id":"https:\/\/secure.gravatar.com\/avatar\/ca3938b709049827aa5b3f38598c0db9a44e44db45c84a22321e159440c59bf6?s=96&d=mm&r=g","url":"https:\/\/secure.gravatar.com\/avatar\/ca3938b709049827aa5b3f38598c0db9a44e44db45c84a22321e159440c59bf6?s=96&d=mm&r=g","contentUrl":"https:\/\/secure.gravatar.com\/avatar\/ca3938b709049827aa5b3f38598c0db9a44e44db45c84a22321e159440c59bf6?s=96&d=mm&r=g","caption":"Staff"},"url":"https:\/\/fifp.fr\/en\/author\/yohan\/"}]}},"_links":{"self":[{"href":"https:\/\/fifp.fr\/en\/wp-json\/wp\/v2\/posts\/53202","targetHints":{"allow":["GET"]}}],"collection":[{"href":"https:\/\/fifp.fr\/en\/wp-json\/wp\/v2\/posts"}],"about":[{"href":"https:\/\/fifp.fr\/en\/wp-json\/wp\/v2\/types\/post"}],"author":[{"embeddable":true,"href":"https:\/\/fifp.fr\/en\/wp-json\/wp\/v2\/users\/2"}],"replies":[{"embeddable":true,"href":"https:\/\/fifp.fr\/en\/wp-json\/wp\/v2\/comments?post=53202"}],"version-history":[{"count":0,"href":"https:\/\/fifp.fr\/en\/wp-json\/wp\/v2\/posts\/53202\/revisions"}],"wp:featuredmedia":[{"embeddable":true,"href":"https:\/\/fifp.fr\/en\/wp-json\/wp\/v2\/media\/53203"}],"wp:attachment":[{"href":"https:\/\/fifp.fr\/en\/wp-json\/wp\/v2\/media?parent=53202"}],"wp:term":[{"taxonomy":"category","embeddable":true,"href":"https:\/\/fifp.fr\/en\/wp-json\/wp\/v2\/categories?post=53202"},{"taxonomy":"post_tag","embeddable":true,"href":"https:\/\/fifp.fr\/en\/wp-json\/wp\/v2\/tags?post=53202"}],"curies":[{"name":"wp","href":"https:\/\/api.w.org\/{rel}","templated":true}]}}